{"id":375,"date":"2026-01-30T16:00:19","date_gmt":"2026-01-30T15:00:19","guid":{"rendered":"https:\/\/www.rosalumni.net\/?p=375"},"modified":"2026-01-31T19:03:00","modified_gmt":"2026-01-31T18:03:00","slug":"schoene-vernetzungsfahrt-zu-klassenherkunft-und-herkunft-im-pfaelzerwald-und-kaiserslautern","status":"publish","type":"post","link":"https:\/\/www.rosalumni.net\/?p=375","title":{"rendered":"Sch\u00f6ne Vernetzungsfahrt zu Klassenherkunft und Herkunft im Pf\u00e4lzerwald und in Kaiserslautern"},"content":{"rendered":"\n<p>Vom 7. bis 9. November 2025 fand unsere sehr sch\u00f6ne Vernetzungsfahrt nach Rheinland-Pfalz statt. Wir waren im Pf\u00e4lzerwald in der N\u00e4he von Kaiserslautern untergebracht und durften im sch\u00f6nen <a href=\"https:\/\/www.naturfreunde-kaiserslautern.de\/index.php\/unser-haus\/naturfreundehaus-finsterbrunnertal\" data-type=\"link\" data-id=\"https:\/\/www.naturfreunde-kaiserslautern.de\/index.php\/unser-haus\/naturfreundehaus-finsterbrunnertal\">Naturfreundehaus Finsterbrunnental <\/a>\u00fcbernachten. Anlass der Reise war die schriftstellerische T\u00e4tigkeit des Ehemaligen <a href=\"https:\/\/www.swr.de\/leben\/christian-baron-ueber-sein-neues-buch-drei-schwestern-104.html\" data-type=\"link\" data-id=\"https:\/\/www.swr.de\/leben\/christian-baron-ueber-sein-neues-buch-drei-schwestern-104.html\">Christian Baron<\/a> und das Bed\u00fcrfnis, dass wir uns im Rahmen dieser Fahrt mit unserer eigenen Klassenherkunft auseinandersetzen. Die Reise begann am Freitagabend mit einer <a href=\"https:\/\/www.wochenblatt-reporter.de\/kaiserslautern\/c-lokales\/armut-und-demokratie-volles-haus-bei-lesung-und-podium-mit-christian-baron_a683599\" data-type=\"link\" data-id=\"https:\/\/www.wochenblatt-reporter.de\/kaiserslautern\/c-lokales\/armut-und-demokratie-volles-haus-bei-lesung-und-podium-mit-christian-baron_a683599\">Lesung und Gespr\u00e4ch<\/a> organisiert von Carsten Ondreka vom <a href=\"https:\/\/www.instagram.com\/sozialforumkaiserslautern\/\" data-type=\"link\" data-id=\"https:\/\/www.instagram.com\/sozialforumkaiserslautern\/\">Sozialforum Kaiserslautern<\/a> und wurde mit einem sch\u00f6nen gemeinsam Abendessen beendet. Am Folgetag setzten wir uns in einem Workshop mit unseren eigenen gesellschaftlichen Hintergr\u00fcnden und Chancen auseinander. Am Nachmittag nahmen wir an einem antifaschistischen Rundgang des VVN\/BDA in Kaiserslautern teil und konnten abends die Stimmung vor dem FCK-Spiel in der Stadt mitbekommen. Das sch\u00f6ne Wochenende wurde mit einer kurzen Wanderung durch den Pf\u00e4lzerwald am Sonntag-Mittag abgerundet.<\/p>\n\n\n\n<figure class=\"wp-block-gallery has-nested-images columns-default is-cropped wp-block-gallery-1 is-layout-flex wp-block-gallery-is-layout-flex\">\n<figure class=\"wp-block-image size-large\"><a href=\"https:\/\/www.rosalumni.net\/wp-content\/uploads\/2026\/01\/signal-2025-11-09-12-50-10-004-1.jpg\"><img loading=\"lazy\" decoding=\"async\" width=\"1024\" height=\"768\" data-id=\"378\" src=\"https:\/\/www.rosalumni.net\/wp-content\/uploads\/2026\/01\/signal-2025-11-09-12-50-10-004-1-1024x768.jpg\" alt=\"\" class=\"wp-image-378\" srcset=\"https:\/\/www.rosalumni.net\/wp-content\/uploads\/2026\/01\/signal-2025-11-09-12-50-10-004-1-1024x768.jpg 1024w, https:\/\/www.rosalumni.net\/wp-content\/uploads\/2026\/01\/signal-2025-11-09-12-50-10-004-1-300x225.jpg 300w, https:\/\/www.rosalumni.net\/wp-content\/uploads\/2026\/01\/signal-2025-11-09-12-50-10-004-1-768x576.jpg 768w, https:\/\/www.rosalumni.net\/wp-content\/uploads\/2026\/01\/signal-2025-11-09-12-50-10-004-1-1536x1152.jpg 1536w, https:\/\/www.rosalumni.net\/wp-content\/uploads\/2026\/01\/signal-2025-11-09-12-50-10-004-1-400x300.jpg 400w, https:\/\/www.rosalumni.net\/wp-content\/uploads\/2026\/01\/signal-2025-11-09-12-50-10-004-1.jpg 2048w\" sizes=\"auto, (max-width: 1024px) 100vw, 1024px\" \/><\/a><\/figure>\n\n\n\n<figure class=\"wp-block-image size-large\"><a href=\"https:\/\/www.rosalumni.net\/wp-content\/uploads\/2026\/01\/signal-2025-11-09-12-50-10-004-2.jpg\"><img loading=\"lazy\" decoding=\"async\" width=\"768\" height=\"1024\" data-id=\"376\" src=\"https:\/\/www.rosalumni.net\/wp-content\/uploads\/2026\/01\/signal-2025-11-09-12-50-10-004-2-768x1024.jpg\" alt=\"\" class=\"wp-image-376\" srcset=\"https:\/\/www.rosalumni.net\/wp-content\/uploads\/2026\/01\/signal-2025-11-09-12-50-10-004-2-768x1024.jpg 768w, https:\/\/www.rosalumni.net\/wp-content\/uploads\/2026\/01\/signal-2025-11-09-12-50-10-004-2-225x300.jpg 225w, https:\/\/www.rosalumni.net\/wp-content\/uploads\/2026\/01\/signal-2025-11-09-12-50-10-004-2-1152x1536.jpg 1152w, https:\/\/www.rosalumni.net\/wp-content\/uploads\/2026\/01\/signal-2025-11-09-12-50-10-004-2.jpg 1536w\" sizes=\"auto, (max-width: 768px) 100vw, 768px\" \/><\/a><\/figure>\n\n\n\n<figure class=\"wp-block-image size-large\"><a href=\"https:\/\/www.rosalumni.net\/wp-content\/uploads\/2026\/01\/signal-2025-11-09-12-50-10-004-3.jpg\"><img loading=\"lazy\" decoding=\"async\" width=\"768\" height=\"1024\" data-id=\"380\" src=\"https:\/\/www.rosalumni.net\/wp-content\/uploads\/2026\/01\/signal-2025-11-09-12-50-10-004-3-768x1024.jpg\" alt=\"\" class=\"wp-image-380\" srcset=\"https:\/\/www.rosalumni.net\/wp-content\/uploads\/2026\/01\/signal-2025-11-09-12-50-10-004-3-768x1024.jpg 768w, https:\/\/www.rosalumni.net\/wp-content\/uploads\/2026\/01\/signal-2025-11-09-12-50-10-004-3-225x300.jpg 225w, https:\/\/www.rosalumni.net\/wp-content\/uploads\/2026\/01\/signal-2025-11-09-12-50-10-004-3-1152x1536.jpg 1152w, https:\/\/www.rosalumni.net\/wp-content\/uploads\/2026\/01\/signal-2025-11-09-12-50-10-004-3.jpg 1536w\" sizes=\"auto, (max-width: 768px) 100vw, 768px\" \/><\/a><\/figure>\n\n\n\n<figure class=\"wp-block-image size-large\"><a href=\"https:\/\/www.rosalumni.net\/wp-content\/uploads\/2026\/01\/signal-2025-11-09-12-50-10-004.jpg\"><img loading=\"lazy\" decoding=\"async\" width=\"768\" height=\"1024\" data-id=\"379\" src=\"https:\/\/www.rosalumni.net\/wp-content\/uploads\/2026\/01\/signal-2025-11-09-12-50-10-004-768x1024.jpg\" alt=\"\" class=\"wp-image-379\" srcset=\"https:\/\/www.rosalumni.net\/wp-content\/uploads\/2026\/01\/signal-2025-11-09-12-50-10-004-768x1024.jpg 768w, https:\/\/www.rosalumni.net\/wp-content\/uploads\/2026\/01\/signal-2025-11-09-12-50-10-004-225x300.jpg 225w, https:\/\/www.rosalumni.net\/wp-content\/uploads\/2026\/01\/signal-2025-11-09-12-50-10-004-1152x1536.jpg 1152w, https:\/\/www.rosalumni.net\/wp-content\/uploads\/2026\/01\/signal-2025-11-09-12-50-10-004.jpg 1536w\" sizes=\"auto, (max-width: 768px) 100vw, 768px\" \/><\/a><\/figure>\n\n\n\n<figure class=\"wp-block-image size-large\"><a href=\"https:\/\/www.rosalumni.net\/wp-content\/uploads\/2026\/01\/signal-2025-11-09-12-57-16-184.jpg\"><img loading=\"lazy\" decoding=\"async\" width=\"1024\" height=\"576\" data-id=\"377\" src=\"https:\/\/www.rosalumni.net\/wp-content\/uploads\/2026\/01\/signal-2025-11-09-12-57-16-184-1024x576.jpg\" alt=\"\" class=\"wp-image-377\" srcset=\"https:\/\/www.rosalumni.net\/wp-content\/uploads\/2026\/01\/signal-2025-11-09-12-57-16-184-1024x576.jpg 1024w, https:\/\/www.rosalumni.net\/wp-content\/uploads\/2026\/01\/signal-2025-11-09-12-57-16-184-300x169.jpg 300w, https:\/\/www.rosalumni.net\/wp-content\/uploads\/2026\/01\/signal-2025-11-09-12-57-16-184-768x432.jpg 768w, https:\/\/www.rosalumni.net\/wp-content\/uploads\/2026\/01\/signal-2025-11-09-12-57-16-184-1536x864.jpg 1536w, https:\/\/www.rosalumni.net\/wp-content\/uploads\/2026\/01\/signal-2025-11-09-12-57-16-184-500x281.jpg 500w, https:\/\/www.rosalumni.net\/wp-content\/uploads\/2026\/01\/signal-2025-11-09-12-57-16-184.jpg 2048w\" sizes=\"auto, (max-width: 1024px) 100vw, 1024px\" \/><\/a><\/figure>\n\n\n\n<figure class=\"wp-block-image size-large\"><a href=\"https:\/\/www.rosalumni.net\/wp-content\/uploads\/2026\/01\/signal-2025-11-09-14-33-20-461-2.jpg\"><img loading=\"lazy\" decoding=\"async\" width=\"768\" height=\"1024\" data-id=\"381\" src=\"https:\/\/www.rosalumni.net\/wp-content\/uploads\/2026\/01\/signal-2025-11-09-14-33-20-461-2-768x1024.jpg\" alt=\"\" class=\"wp-image-381\" srcset=\"https:\/\/www.rosalumni.net\/wp-content\/uploads\/2026\/01\/signal-2025-11-09-14-33-20-461-2-768x1024.jpg 768w, https:\/\/www.rosalumni.net\/wp-content\/uploads\/2026\/01\/signal-2025-11-09-14-33-20-461-2-225x300.jpg 225w, https:\/\/www.rosalumni.net\/wp-content\/uploads\/2026\/01\/signal-2025-11-09-14-33-20-461-2-1152x1536.jpg 1152w, https:\/\/www.rosalumni.net\/wp-content\/uploads\/2026\/01\/signal-2025-11-09-14-33-20-461-2.jpg 1536w\" sizes=\"auto, (max-width: 768px) 100vw, 768px\" \/><\/a><\/figure>\n\n\n\n<figure class=\"wp-block-image size-large\"><a href=\"https:\/\/www.rosalumni.net\/wp-content\/uploads\/2026\/01\/signal-2025-11-09-17-24-12-883.jpg\"><img loading=\"lazy\" decoding=\"async\" width=\"1024\" height=\"578\" data-id=\"382\" src=\"https:\/\/www.rosalumni.net\/wp-content\/uploads\/2026\/01\/signal-2025-11-09-17-24-12-883-1024x578.jpg\" alt=\"\" class=\"wp-image-382\" srcset=\"https:\/\/www.rosalumni.net\/wp-content\/uploads\/2026\/01\/signal-2025-11-09-17-24-12-883-1024x578.jpg 1024w, https:\/\/www.rosalumni.net\/wp-content\/uploads\/2026\/01\/signal-2025-11-09-17-24-12-883-300x169.jpg 300w, https:\/\/www.rosalumni.net\/wp-content\/uploads\/2026\/01\/signal-2025-11-09-17-24-12-883-768x433.jpg 768w, https:\/\/www.rosalumni.net\/wp-content\/uploads\/2026\/01\/signal-2025-11-09-17-24-12-883-1536x866.jpg 1536w, https:\/\/www.rosalumni.net\/wp-content\/uploads\/2026\/01\/signal-2025-11-09-17-24-12-883-500x282.jpg 500w, https:\/\/www.rosalumni.net\/wp-content\/uploads\/2026\/01\/signal-2025-11-09-17-24-12-883.jpg 2048w\" sizes=\"auto, (max-width: 1024px) 100vw, 1024px\" \/><\/a><\/figure>\n<\/figure>\n","protected":false},"excerpt":{"rendered":"<p>Vom 7. bis 9. November 2025 fand unsere sehr sch\u00f6ne Vernetzungsfahrt nach Rheinland-Pfalz statt. Wir waren im Pf\u00e4lzerwald in der N\u00e4he von Kaiserslautern untergebracht und durften im sch\u00f6nen Naturfreundehaus Finsterbrunnental \u00fcbernachten. Anlass der Reise war die schriftstellerische T\u00e4tigkeit des Ehemaligen &hellip; <a href=\"https:\/\/www.rosalumni.net\/?p=375\">Weiterlesen <span class=\"meta-nav\">&rarr;<\/span><\/a><\/p>\n","protected":false},"author":10,"featured_media":0,"comment_status":"closed","ping_status":"closed","sticky":false,"template":"","format":"standard","meta":{"footnotes":""},"categories":[1,24,33,23,37,22],"tags":[],"class_list":["post-375","post","type-post","status-publish","format-standard","hentry","category-allgemein","category-alumnitreffen","category-antifaschismus","category-kaempfe","category-klasse","category-prekarisierung"],"_links":{"self":[{"href":"https:\/\/www.rosalumni.net\/index.php?rest_route=\/wp\/v2\/posts\/375","targetHints":{"allow":["GET"]}}],"collection":[{"href":"https:\/\/www.rosalumni.net\/index.php?rest_route=\/wp\/v2\/posts"}],"about":[{"href":"https:\/\/www.rosalumni.net\/index.php?rest_route=\/wp\/v2\/types\/post"}],"author":[{"embeddable":true,"href":"https:\/\/www.rosalumni.net\/index.php?rest_route=\/wp\/v2\/users\/10"}],"replies":[{"embeddable":true,"href":"https:\/\/www.rosalumni.net\/index.php?rest_route=%2Fwp%2Fv2%2Fcomments&post=375"}],"version-history":[{"count":2,"href":"https:\/\/www.rosalumni.net\/index.php?rest_route=\/wp\/v2\/posts\/375\/revisions"}],"predecessor-version":[{"id":384,"href":"https:\/\/www.rosalumni.net\/index.php?rest_route=\/wp\/v2\/posts\/375\/revisions\/384"}],"wp:attachment":[{"href":"https:\/\/www.rosalumni.net\/index.php?rest_route=%2Fwp%2Fv2%2Fmedia&parent=375"}],"wp:term":[{"taxonomy":"category","embeddable":true,"href":"https:\/\/www.rosalumni.net\/index.php?rest_route=%2Fwp%2Fv2%2Fcategories&post=375"},{"taxonomy":"post_tag","embeddable":true,"href":"https:\/\/www.rosalumni.net\/index.php?rest_route=%2Fwp%2Fv2%2Ftags&post=375"}],"curies":[{"name":"wp","href":"https:\/\/api.w.org\/{rel}","templated":true}]}}