{"id":315,"date":"2023-05-11T07:09:31","date_gmt":"2023-05-11T06:09:31","guid":{"rendered":"https:\/\/www.rosalumni.net\/?p=315"},"modified":"2023-05-11T07:09:31","modified_gmt":"2023-05-11T06:09:31","slug":"heimat-herd-und-hetze-was-tun-gegen-rechte-frauen-in-deutschland","status":"publish","type":"post","link":"https:\/\/www.rosalumni.net\/?p=315","title":{"rendered":"Heimat, Herd und Hetze \u2013 Was tun gegen rechte Frauen in Deutschland?!"},"content":{"rendered":"\n<p><a rel=\"noreferrer noopener\" href=\"https:\/\/www.rosalumni.net\/wp-content\/uploads\/2023\/05\/Flyer-Buchpraesentation-25-5-2023-1.pdf\" target=\"_blank\">Download Veranstaltungsflyer (PDF)<\/a><\/p>\n\n\n\n<p>Buchpr\u00e4sentation und Lesung linkspolitischer Poesie am Donnerstag 25. Mai 2023, 19 Uhr im Kollektivcaf\u00e9 Kurbad Jungborn<\/p>\n\n\n\n<p>Kaum waren die \u201ePersilscheine\u201c geschrieben und einigen Kriegsverbrecher*innen der Pro- zess gemacht, gr\u00fcndeten sich in Westdeutschland bereits wieder Parteien, die Faschismus parlamentsf\u00e4hig machen wollten. In der NPD (Nationaldemokratische Partei Deutschlands) betreibt man seit 1964 wieder Holocaustleugnung und xenophobe Hetze. Diejenigen, die dort hetzen, hei\u00dfen aber nicht nur Adolf oder Walter, sondern auch Edda, Sigrun, Marlene, Gitta oder Stella. Wer sind die f\u00fchrenden Frauen der NPD, die sich im \u201eRing Nationaler Frauen\u201c oder als \u201eM\u00e4del\u201c organisieren, die weibliche Aufopferung f\u00fcr Volk und Familie predigen und Migrant*innen diffamieren? Die franz\u00f6sische Historikerin Val\u00e9rie Dubslaff hat die Rolle der Frauen innerhalb der NPD wissenschaftlich untersucht und stellt ihre Ver\u00f6ffentlichung (&#8222;Deutschland ist auch Frauensache&#8220;. NPD-Frauen im Kampf f\u00fcr Volk und Familie 1964 &#8211; 2020 (De Gruyter 2022))&nbsp;vor.<\/p>\n\n\n\n<p>Wir k\u00f6nnen faschistischer Hetze und nationalistischem Ausl\u00e4nderhass aber nicht nur mittels politischer Aufkl\u00e4rung begegnen. Auch und besonders die Poesie kann Nicht- betroffenen die verzweifelte Lage n\u00e4herbringen, in die Migrant*innen gedr\u00e4ngt werden, wenn sie nur Ablehnung oder gar rechten Hass erfahren. Die junge t\u00fcrkische Arbeiterin, Dichterin und NPD-Gegnerin Semra Ertan nahm uns \u2013 uns alle, die wir eine vielf\u00e4ltige und freie Gesellschaft wollen \u2013 durch ihren \u00f6ffentlichen Freitod im Mai 1982 in die Pflicht, gegen Gewalt, Hass und Ignoranz aktiv zu werden. Gedichte aus ihrer postum erschienenen Gedichtsammlung&nbsp;Mein Name ist Ausl\u00e4nder (edition assemblage, 2020)&nbsp;werden uns an ihren Gedanken und Gef\u00fchlen teilhaben lassen.<\/p>\n\n\n\n<p>Eine Veranstaltung von: ROSAlumni e.V.; Rosa Luxemburg Club Kassel; F\u00f6rderverein f\u00fcr Forschungen zur Geschichte der Arbeiterbewegung.<\/p>\n\n\n\n<p><\/p>\n","protected":false},"excerpt":{"rendered":"<p>Download Veranstaltungsflyer (PDF) Buchpr\u00e4sentation und Lesung linkspolitischer Poesie am Donnerstag 25. Mai 2023, 19 Uhr im Kollektivcaf\u00e9 Kurbad Jungborn Kaum waren die \u201ePersilscheine\u201c geschrieben und einigen Kriegsverbrecher*innen der Pro- zess gemacht, gr\u00fcndeten sich in Westdeutschland bereits wieder Parteien, die Faschismus &hellip; <a href=\"https:\/\/www.rosalumni.net\/?p=315\">Weiterlesen <span class=\"meta-nav\">&rarr;<\/span><\/a><\/p>\n","protected":false},"author":6,"featured_media":316,"comment_status":"closed","ping_status":"closed","sticky":false,"template":"","format":"standard","meta":{"footnotes":""},"categories":[33,26],"tags":[],"class_list":["post-315","post","type-post","status-publish","format-standard","has-post-thumbnail","hentry","category-antifaschismus","category-veranstaltung"],"_links":{"self":[{"href":"https:\/\/www.rosalumni.net\/index.php?rest_route=\/wp\/v2\/posts\/315","targetHints":{"allow":["GET"]}}],"collection":[{"href":"https:\/\/www.rosalumni.net\/index.php?rest_route=\/wp\/v2\/posts"}],"about":[{"href":"https:\/\/www.rosalumni.net\/index.php?rest_route=\/wp\/v2\/types\/post"}],"author":[{"embeddable":true,"href":"https:\/\/www.rosalumni.net\/index.php?rest_route=\/wp\/v2\/users\/6"}],"replies":[{"embeddable":true,"href":"https:\/\/www.rosalumni.net\/index.php?rest_route=%2Fwp%2Fv2%2Fcomments&post=315"}],"version-history":[{"count":3,"href":"https:\/\/www.rosalumni.net\/index.php?rest_route=\/wp\/v2\/posts\/315\/revisions"}],"predecessor-version":[{"id":322,"href":"https:\/\/www.rosalumni.net\/index.php?rest_route=\/wp\/v2\/posts\/315\/revisions\/322"}],"wp:featuredmedia":[{"embeddable":true,"href":"https:\/\/www.rosalumni.net\/index.php?rest_route=\/wp\/v2\/media\/316"}],"wp:attachment":[{"href":"https:\/\/www.rosalumni.net\/index.php?rest_route=%2Fwp%2Fv2%2Fmedia&parent=315"}],"wp:term":[{"taxonomy":"category","embeddable":true,"href":"https:\/\/www.rosalumni.net\/index.php?rest_route=%2Fwp%2Fv2%2Fcategories&post=315"},{"taxonomy":"post_tag","embeddable":true,"href":"https:\/\/www.rosalumni.net\/index.php?rest_route=%2Fwp%2Fv2%2Ftags&post=315"}],"curies":[{"name":"wp","href":"https:\/\/api.w.org\/{rel}","templated":true}]}}