{"id":201,"date":"2018-05-08T19:07:11","date_gmt":"2018-05-08T18:07:11","guid":{"rendered":"http:\/\/www.rosalumni.net\/?p=201"},"modified":"2018-05-08T19:07:11","modified_gmt":"2018-05-08T18:07:11","slug":"rosalumni-unterstuetzt-das-ngawiss-und-die-vernetzung-des-mittelbaus","status":"publish","type":"post","link":"https:\/\/www.rosalumni.net\/?p=201","title":{"rendered":"ROSAlumni unterst\u00fctzt das NGAWiss und die Vernetzung des Mittelbaus"},"content":{"rendered":"<p>Viele ehemalige Stipendiat*innen der Rosa Luxemburg Stiftung sind von den aktuellen Arbeits- und Forschungsbedingungen an Hochschulen und Universit\u00e4ten betroffen und engagieren sich in den K\u00e4mpfen gegen Prekarit\u00e4t und eine \u00d6konomisierung von Forschung und Lehre. ROSAlumni beteiligt sich an diesen Auseinandersetzungen. In diesem Zusammenhang kooperieren wir mit dem \u201eNetzwerk f\u00fcr Gute Arbeit in der Wissenschaft\u201c beim Bundesweiten Netzwerktreffen zu der Frage \u201eWie streikf\u00e4hig werden?\u201c.<\/p>\n<p><a href=\"http:\/\/mittelbau.net\/\"><img loading=\"lazy\" decoding=\"async\" class=\"alignnone wp-image-202 size-medium\" src=\"http:\/\/www.rosalumni.net\/wp-content\/uploads\/2018\/05\/NGA-300x300.jpg\" alt=\"\" width=\"300\" height=\"300\" srcset=\"https:\/\/www.rosalumni.net\/wp-content\/uploads\/2018\/05\/NGA-300x300.jpg 300w, https:\/\/www.rosalumni.net\/wp-content\/uploads\/2018\/05\/NGA-150x150.jpg 150w, https:\/\/www.rosalumni.net\/wp-content\/uploads\/2018\/05\/NGA.jpg 512w\" sizes=\"auto, (max-width: 300px) 100vw, 300px\" \/><\/a><\/p>\n<p>In den Workshops des Vernetzugstreffen werden sicherlich auch Themen aufgegriffen, die sich aus unserer Unterst\u00fctzung des <a href=\"https:\/\/prekaereswissen.wordpress.com\/\">Netzwerks Prek\u00e4res Wissen<\/a> oder unserer Veranstaltung zu <a href=\"http:\/\/www.rosalumni.net\/?p=197\">akademischen Arbeitsk\u00e4mpfen in der T\u00fcrkei und Deutschland<\/a> ergeben.<\/p>\n<p>Das Treffen wird am 1. und 2. Juni in Berlin stattfinden. Ein vorl\u00e4ufiges Programm, aktuelle Informationen und Hinweise zur Anmeldung und Kinderbetreuung findet ihr <a href=\"http:\/\/mittelbau.net\/2018\/05\/07\/netzwerktreffen-1-2-juni-2018\/\">hier<\/a>.<\/p>\n","protected":false},"excerpt":{"rendered":"<p>Viele ehemalige Stipendiat*innen der Rosa Luxemburg Stiftung sind von den aktuellen Arbeits- und Forschungsbedingungen an Hochschulen und Universit\u00e4ten betroffen und engagieren sich in den K\u00e4mpfen gegen Prekarit\u00e4t und eine \u00d6konomisierung von Forschung und Lehre. ROSAlumni beteiligt sich an diesen Auseinandersetzungen. &hellip; <a href=\"https:\/\/www.rosalumni.net\/?p=201\">Weiterlesen <span class=\"meta-nav\">&rarr;<\/span><\/a><\/p>\n","protected":false},"author":1,"featured_media":0,"comment_status":"open","ping_status":"open","sticky":false,"template":"","format":"standard","meta":{"footnotes":""},"categories":[27,23,25,22,26],"tags":[28],"class_list":["post-201","post","type-post","status-publish","format-standard","hentry","category-berlin","category-kaempfe","category-kritische-wissenschaft","category-prekarisierung","category-veranstaltung","tag-academicsunite"],"_links":{"self":[{"href":"https:\/\/www.rosalumni.net\/index.php?rest_route=\/wp\/v2\/posts\/201","targetHints":{"allow":["GET"]}}],"collection":[{"href":"https:\/\/www.rosalumni.net\/index.php?rest_route=\/wp\/v2\/posts"}],"about":[{"href":"https:\/\/www.rosalumni.net\/index.php?rest_route=\/wp\/v2\/types\/post"}],"author":[{"embeddable":true,"href":"https:\/\/www.rosalumni.net\/index.php?rest_route=\/wp\/v2\/users\/1"}],"replies":[{"embeddable":true,"href":"https:\/\/www.rosalumni.net\/index.php?rest_route=%2Fwp%2Fv2%2Fcomments&post=201"}],"version-history":[{"count":2,"href":"https:\/\/www.rosalumni.net\/index.php?rest_route=\/wp\/v2\/posts\/201\/revisions"}],"predecessor-version":[{"id":204,"href":"https:\/\/www.rosalumni.net\/index.php?rest_route=\/wp\/v2\/posts\/201\/revisions\/204"}],"wp:attachment":[{"href":"https:\/\/www.rosalumni.net\/index.php?rest_route=%2Fwp%2Fv2%2Fmedia&parent=201"}],"wp:term":[{"taxonomy":"category","embeddable":true,"href":"https:\/\/www.rosalumni.net\/index.php?rest_route=%2Fwp%2Fv2%2Fcategories&post=201"},{"taxonomy":"post_tag","embeddable":true,"href":"https:\/\/www.rosalumni.net\/index.php?rest_route=%2Fwp%2Fv2%2Ftags&post=201"}],"curies":[{"name":"wp","href":"https:\/\/api.w.org\/{rel}","templated":true}]}}