{"id":138,"date":"2015-06-15T21:17:30","date_gmt":"2015-06-15T20:17:30","guid":{"rendered":"http:\/\/www.rosalumni.net\/?p=138"},"modified":"2015-06-22T19:36:32","modified_gmt":"2015-06-22T18:36:32","slug":"r2g-in-thueringen-ein-politisches-projekt-rosalumni-treff-in-erfurt","status":"publish","type":"post","link":"https:\/\/www.rosalumni.net\/?p=138","title":{"rendered":"\u201eR2G in Th\u00fcringen \u2013 ein politisches Projekt?\u201c \u2013 ROSAlumni-Treff in Erfurt"},"content":{"rendered":"<p>Am 11. Juli sollte eigentlich ein Sommerfest f\u00fcr Alumni, Vertrauendozent_innen und Stiftungsmitarbeiter_innen stattfinden. Leider muss dies ausfallen \u2013 aber wir haben uns eine spannende Alternative ausgedacht. Es gibt stattdessen an diesem Tag den ersten ROSAlumni-Treff au\u00dferhalb Berlins. Zwei Ehemalige, die bei der Linksfraktion im Th\u00fcringer Landtag arbeiten, laden uns zu einem Tag mit spannenden Diskussionen und ausreichend entspannenden Programmpunkten ein.<\/p>\n<p>Am Samstag findet eine Diskussion \u00fcber Visionen und Grenzen des rot-rot-gr\u00fcnen Regierungsprojekts in Th\u00fcringen satt. Nachmittags soll es einen Ausflug geben und anschlie\u00dfend ein Abendessen und ein Kneipenbesuch. Bei Interesse gibt es auch die M\u00f6glichkeit, Freitag eine Landtagssitzung anzuschauen. Wer bis Sonntag bleiben will, kann das Treff mit einem gemeinsamen Fr\u00fchst\u00fcck ausklingen lassen.<\/p>\n<p>Das genaue Programm findet ihr <a title=\"Programm Erfurt\" href=\"http:\/\/www.rosalumni.net\/wp-content\/uploads\/2015\/06\/ROSAlumni-Treff-Erfurt.pdf\">hier<\/a>.<\/p>\n<p>Bitte meldet euch beim ROSAlumni-Vorstand <a href=\"mailto:kontakt@rosalumni.net\">kontakt@rosalumni.net<\/a> bis m\u00f6glichst <strong>5.7. <\/strong>an. Bitte dabei angeben<\/p>\n<ul>\n<li>wie lange ihr kommt (Fr\/Sa\/So)<\/li>\n<li>ob ihr eine \u00dcbernachtungsm\u00f6glichkeit braucht, einen oder beide Tage<\/li>\n<li>ob ihr lieber privat oder im Gasthof unterkommen wollt (Preise finden wir noch heraus)<\/li>\n<\/ul>\n","protected":false},"excerpt":{"rendered":"<p>Am 11. Juli sollte eigentlich ein Sommerfest f\u00fcr Alumni, Vertrauendozent_innen und Stiftungsmitarbeiter_innen stattfinden. Leider muss dies ausfallen \u2013 aber wir haben uns eine spannende Alternative ausgedacht. Es gibt stattdessen an diesem Tag den ersten ROSAlumni-Treff au\u00dferhalb Berlins. Zwei Ehemalige, die &hellip; <a href=\"https:\/\/www.rosalumni.net\/?p=138\">Weiterlesen <span class=\"meta-nav\">&rarr;<\/span><\/a><\/p>\n","protected":false},"author":1,"featured_media":0,"comment_status":"open","ping_status":"open","sticky":false,"template":"","format":"standard","meta":{"footnotes":""},"categories":[1,24,26],"tags":[],"class_list":["post-138","post","type-post","status-publish","format-standard","hentry","category-allgemein","category-alumnitreffen","category-veranstaltung"],"_links":{"self":[{"href":"https:\/\/www.rosalumni.net\/index.php?rest_route=\/wp\/v2\/posts\/138","targetHints":{"allow":["GET"]}}],"collection":[{"href":"https:\/\/www.rosalumni.net\/index.php?rest_route=\/wp\/v2\/posts"}],"about":[{"href":"https:\/\/www.rosalumni.net\/index.php?rest_route=\/wp\/v2\/types\/post"}],"author":[{"embeddable":true,"href":"https:\/\/www.rosalumni.net\/index.php?rest_route=\/wp\/v2\/users\/1"}],"replies":[{"embeddable":true,"href":"https:\/\/www.rosalumni.net\/index.php?rest_route=%2Fwp%2Fv2%2Fcomments&post=138"}],"version-history":[{"count":3,"href":"https:\/\/www.rosalumni.net\/index.php?rest_route=\/wp\/v2\/posts\/138\/revisions"}],"predecessor-version":[{"id":144,"href":"https:\/\/www.rosalumni.net\/index.php?rest_route=\/wp\/v2\/posts\/138\/revisions\/144"}],"wp:attachment":[{"href":"https:\/\/www.rosalumni.net\/index.php?rest_route=%2Fwp%2Fv2%2Fmedia&parent=138"}],"wp:term":[{"taxonomy":"category","embeddable":true,"href":"https:\/\/www.rosalumni.net\/index.php?rest_route=%2Fwp%2Fv2%2Fcategories&post=138"},{"taxonomy":"post_tag","embeddable":true,"href":"https:\/\/www.rosalumni.net\/index.php?rest_route=%2Fwp%2Fv2%2Ftags&post=138"}],"curies":[{"name":"wp","href":"https:\/\/api.w.org\/{rel}","templated":true}]}}