{"id":127,"date":"2015-02-18T01:14:34","date_gmt":"2015-02-18T00:14:34","guid":{"rendered":"http:\/\/www.rosalumni.net\/?p=127"},"modified":"2015-02-18T01:14:34","modified_gmt":"2015-02-18T00:14:34","slug":"alumnitreff-bei-schwarzlichtminigolf","status":"publish","type":"post","link":"https:\/\/www.rosalumni.net\/?p=127","title":{"rendered":"Alumnitreff bei Schwarzlichtminigolf"},"content":{"rendered":"<p>Am 28. Februar wird der n\u00e4chste Alumnitreff in Berlin stattfinden. Diesmal wollen wir gerne mit euch Schwarzlichtminigolf spielen gehen. Danach werden wir den Abend gem\u00fctlich im dazugeh\u00f6rigen Parkcaf\u00e9 ausklingen lassen. Wer nicht zum Minigolfen kommen kann, ist nat\u00fcrlich beim sp\u00e4teren Zusammensitzen herzlich willkommen.<\/p>\n<p>Damit wir besser einsch\u00e4tzen k\u00f6nnen, wieviele Leute am Minigolf und\/oder am<br \/>\nKneipenabend teilnehmen werden, bitten wir euch, bis Dienstag, den 24. Februar, Bescheid zu geben, wenn ihr dabei seid (und bei was)! Die Kosten f\u00fcr das Minigolfen \u00fcbernimmt der Verein.<\/p>\n<p>Hier nochmal die Eckdaten:<\/p>\n<p><strong>Ort:<\/strong><br \/>\nSchwarzlicht-Minigolf-Berlin und Parkcaf\u00e9<br \/>\nG\u00f6rlitzer Str. 1, im G\u00f6rlitzer Park, Haus 1 (Eingang Ecke<br \/>\nSkalitzer\/G\u00f6rlitzer Strasse), 10997 Berlin<\/p>\n<p><strong>Datum:<\/strong><br \/>\nSamstag, 28. Februar 2015, 18.30 Uhr bis ca. 19.30 Uhr<br \/>\nMinigolfen, danach ein geselliger Abend im dazugeh\u00f6rigen Parkcaf\u00e9.<\/p>\n","protected":false},"excerpt":{"rendered":"<p>Am 28. Februar wird der n\u00e4chste Alumnitreff in Berlin stattfinden. Diesmal wollen wir gerne mit euch Schwarzlichtminigolf spielen gehen. Danach werden wir den Abend gem\u00fctlich im dazugeh\u00f6rigen Parkcaf\u00e9 ausklingen lassen. Wer nicht zum Minigolfen kommen kann, ist nat\u00fcrlich beim sp\u00e4teren &hellip; <a href=\"https:\/\/www.rosalumni.net\/?p=127\">Weiterlesen <span class=\"meta-nav\">&rarr;<\/span><\/a><\/p>\n","protected":false},"author":1,"featured_media":0,"comment_status":"open","ping_status":"open","sticky":false,"template":"","format":"standard","meta":{"footnotes":""},"categories":[24,27,26],"tags":[],"class_list":["post-127","post","type-post","status-publish","format-standard","hentry","category-alumnitreffen","category-berlin","category-veranstaltung"],"_links":{"self":[{"href":"https:\/\/www.rosalumni.net\/index.php?rest_route=\/wp\/v2\/posts\/127","targetHints":{"allow":["GET"]}}],"collection":[{"href":"https:\/\/www.rosalumni.net\/index.php?rest_route=\/wp\/v2\/posts"}],"about":[{"href":"https:\/\/www.rosalumni.net\/index.php?rest_route=\/wp\/v2\/types\/post"}],"author":[{"embeddable":true,"href":"https:\/\/www.rosalumni.net\/index.php?rest_route=\/wp\/v2\/users\/1"}],"replies":[{"embeddable":true,"href":"https:\/\/www.rosalumni.net\/index.php?rest_route=%2Fwp%2Fv2%2Fcomments&post=127"}],"version-history":[{"count":2,"href":"https:\/\/www.rosalumni.net\/index.php?rest_route=\/wp\/v2\/posts\/127\/revisions"}],"predecessor-version":[{"id":129,"href":"https:\/\/www.rosalumni.net\/index.php?rest_route=\/wp\/v2\/posts\/127\/revisions\/129"}],"wp:attachment":[{"href":"https:\/\/www.rosalumni.net\/index.php?rest_route=%2Fwp%2Fv2%2Fmedia&parent=127"}],"wp:term":[{"taxonomy":"category","embeddable":true,"href":"https:\/\/www.rosalumni.net\/index.php?rest_route=%2Fwp%2Fv2%2Fcategories&post=127"},{"taxonomy":"post_tag","embeddable":true,"href":"https:\/\/www.rosalumni.net\/index.php?rest_route=%2Fwp%2Fv2%2Ftags&post=127"}],"curies":[{"name":"wp","href":"https:\/\/api.w.org\/{rel}","templated":true}]}}